{"id":1844,"date":"2023-02-27T22:24:38","date_gmt":"2023-02-27T20:24:38","guid":{"rendered":"https:\/\/sotahuuto.fi\/?p=1844"},"modified":"2024-01-06T12:54:24","modified_gmt":"2024-01-06T10:54:24","slug":"tiedote-kansa-heraa-aloittelijaystavallisyys-ja-kansainvalisyys","status":"publish","type":"post","link":"http:\/\/sotahuuto.fi\/en\/tiedote-kansa-heraa-aloittelijaystavallisyys-ja-kansainvalisyys\/","title":{"rendered":"Kansa her\u00e4\u00e4 &#8211; Aloittelijayst\u00e4v\u00e4llisyys ja kansainv\u00e4lisyys"},"content":{"rendered":"<div data-elementor-type=\"wp-post\" data-elementor-id=\"1844\" class=\"elementor elementor-1844\">\n\t\t\t\t\t\t<section class=\"elementor-section elementor-top-section elementor-element elementor-element-0460d80 elementor-section-boxed elementor-section-height-default elementor-section-height-default\" data-id=\"0460d80\" data-element_type=\"section\">\n\t\t\t\t\t\t<div class=\"elementor-container elementor-column-gap-default\">\n\t\t\t\t\t<div class=\"elementor-column elementor-col-100 elementor-top-column elementor-element elementor-element-c82230c\" data-id=\"c82230c\" data-element_type=\"column\">\n\t\t\t<div class=\"elementor-widget-wrap elementor-element-populated\">\n\t\t\t\t\t\t<div class=\"elementor-element elementor-element-a8a88c2 elementor-widget elementor-widget-image\" data-id=\"a8a88c2\" data-element_type=\"widget\" data-widget_type=\"image.default\">\n\t\t\t\t<div class=\"elementor-widget-container\">\n\t\t\t\t\t\t\t\t\t\t\t\t\t\t\t<img fetchpriority=\"high\" decoding=\"async\" width=\"1024\" height=\"681\" src=\"https:\/\/sotahuuto.fi\/wp-content\/uploads\/2023\/02\/Kansa-heraa-1.jpg\" class=\"attachment-large size-large wp-image-1846\" alt=\"Skotlannin aatelisten p\u00e4iv\u00e4hoitohenkil\u00f6 johtaa armeijaansa uuteen taisteluun.\" srcset=\"https:\/\/sotahuuto.fi\/wp-content\/uploads\/2023\/02\/Kansa-heraa-1.jpg 1024w, https:\/\/sotahuuto.fi\/wp-content\/uploads\/2023\/02\/Kansa-heraa-1-300x200.jpg 300w, https:\/\/sotahuuto.fi\/wp-content\/uploads\/2023\/02\/Kansa-heraa-1-768x511.jpg 768w, https:\/\/sotahuuto.fi\/wp-content\/uploads\/2023\/02\/Kansa-heraa-1-18x12.jpg 18w\" sizes=\"(max-width: 1024px) 100vw, 1024px\" \/>\t\t\t\t\t\t\t\t\t\t\t\t\t\t\t<\/div>\n\t\t\t\t<\/div>\n\t\t\t\t\t<\/div>\n\t\t<\/div>\n\t\t\t\t\t<\/div>\n\t\t<\/section>\n\t\t\t\t<section class=\"elementor-section elementor-top-section elementor-element elementor-element-b9e19cb elementor-section-boxed elementor-section-height-default elementor-section-height-default\" data-id=\"b9e19cb\" data-element_type=\"section\">\n\t\t\t\t\t\t<div class=\"elementor-container elementor-column-gap-default\">\n\t\t\t\t\t<div class=\"elementor-column elementor-col-100 elementor-top-column elementor-element elementor-element-5c12499\" data-id=\"5c12499\" data-element_type=\"column\">\n\t\t\t<div class=\"elementor-widget-wrap elementor-element-populated\">\n\t\t\t\t\t\t<div class=\"elementor-element elementor-element-e9a02bc elementor-widget elementor-widget-text-editor\" data-id=\"e9a02bc\" data-element_type=\"widget\" data-widget_type=\"text-editor.default\">\n\t\t\t\t<div class=\"elementor-widget-container\">\n\t\t\t\t\t\t\t\t\t<p><em><span style=\"font-weight: 400;\">Photo: Jari Kuskelin<\/span><\/em><\/p>\n<p>\u00a0<\/p>\n<p><span style=\"font-weight: 400;\">Kuten <a href=\"https:\/\/sotahuuto.fi\/en\/liput-kohoavat\/\">edellisess\u00e4 tiedotteessa<\/a> kerroimme, rekrytoinnista on jo jakosysteemin vuoksi huomattavaa hy\u00f6ty\u00e4 joukkueille. Haluamme tukea joukkueiden rekrytointity\u00f6t\u00e4 ja mahdollistaa uusien harrastajien matkan lajin pariin. T\u00e4h\u00e4n liittyvi\u00e4 ratkaisuja esittelemme t\u00e4ss\u00e4 tiedotteessa.<\/span><\/p>\n<p>\u00a0<\/p>\n<p><span style=\"font-weight: 400;\">Ensimm\u00e4ist\u00e4 kertaa Sotahuuto-tapahtumaan ilmoittautuvan on mahdollista ilmoittaa itsens\u00e4 Ilmoportaalissa ensikertalaiseksi. Lopullisia jakoja tehdess\u00e4 n\u00e4emme, mik\u00e4 osuus ryhm\u00e4n j\u00e4senist\u00e4 on ensikertalaisia. Ensikertalaiset lasketaan tasoituspoolia jakaessa puolen soturin arvoisiksi. T\u00e4ll\u00e4 emme pyri v\u00e4h\u00e4ttelem\u00e4\u00e4n ensikertalaisten arvoa taistelukent\u00e4ll\u00e4, vaan kohottamaan joukkueiden intoa rekrytoida uusia osallistujia. T\u00e4m\u00e4n edun lis\u00e4ksi suurimman prosentin ensikertalaisia kent\u00e4lle tuova ryhm\u00e4 saa tapahtumalauantaille oman saunavuoron!\u00a0<\/span><\/p>\n<p>\u00a0<\/p>\n<p><span style=\"font-weight: 400;\">Tahdomme my\u00f6s madaltaa rahallista kynnyst\u00e4 l\u00e4hte\u00e4 kokeilemaan tapahtumaa, mink\u00e4 vuoksi ensikertalaisille on tarjolla alennus tapahtumahinnasta. Toinen uusi Ilmoportaalin alennusryhm\u00e4 ovat palaavat k\u00e4vij\u00e4t. Palaavilla k\u00e4vij\u00f6ill\u00e4 tarkoitetaan harrastajia, jotka ovat k\u00e4yneet Sotahuudossa viimeksi vuonna 2019 tai sit\u00e4 ennen. Kuten Santtu kertoi <a href=\"https:\/\/sotahuuto.fi\/en\/blogiteksti-kohti-sotahuutoa\/\">ensimm\u00e4isess\u00e4 blogissamme<\/a>,\u00a0 koronavuodet aiheuttivat suuren loven Sotahuudon k\u00e4vij\u00e4m\u00e4\u00e4r\u00e4\u00e4n. Pyrkimyksemme on saada kent\u00e4lle mahdollisimman suuri joukko n\u00e4it\u00e4 lajin parista et\u00e4\u00e4ntyneit\u00e4 harrastajia ja t\u00e4m\u00e4 alennus on yksi keino t\u00e4m\u00e4n tavoitteen edist\u00e4miseksi. Alennusten suuruudet tarkentuvat, kun ilmoittautuminen aukeaa.<\/span><\/p>\n<p>\u00a0<\/p>\n<p><span style=\"font-weight: 400;\">Tahdomme tukea my\u00f6s jokaista, jolla on unelma oman joukkueen perustamisesta. Lis\u00e4simme sivulle <a href=\"https:\/\/sotahuuto.fi\/en\/oman-joukkueen-perustaminen\/\">vinkkej\u00e4 oman joukkueen perustamiseen<\/a>. Uusien joukkueiden tukemiseksi aloitamme my\u00f6s joukkuementorij\u00e4rjestelm\u00e4n. Joukkuementorimme Juha-Matti Marjamaa ja Eetu Sipil\u00e4 toimivat tukihenkil\u00f6in\u00e4 uuden joukkueen perustamisesta haaveileville. Joukkuementori jakaa vinkkej\u00e4 niin kent\u00e4ll\u00e4 kuin sen ulkopuolellakin toimimiseen. My\u00f6s jo tapahtumassa k\u00e4yneet ryhm\u00e4t voivat hy\u00f6dynt\u00e4\u00e4 joukkuementoreita. Tarkemmat tiedot l\u00f6ytyv\u00e4t <a href=\"https:\/\/sotahuuto.fi\/en\/joukkuementori-auttaa-uusia-joukkueita\/\">Joukkuementori-sivulta<\/a>.<\/span><\/p>\n<p>\u00a0<\/p>\n<p><span style=\"font-weight: 400;\">Parhaita paikkoja sitouttaa uusia harrastajia lajiin ovat tapahtumat. T\u00e4m\u00e4n vuoksi teemme yhteisty\u00f6t\u00e4 muiden tapahtumien kanssa. Sivustolta l\u00f6ytyy muita pehmomiekkailutapahtumia esittelev\u00e4 <a href=\"https:\/\/sotahuuto.fi\/en\/muut-tapahtumat\/\">Muut tapahtumat -sivu<\/a>. Sivulta l\u00f6ytyv\u00e4ll\u00e4 lomakkeella voit ilmoittaa omasta tapahtumastasi. Esittelemme joitain tapahtumia my\u00f6s yhteisty\u00f6n\u00e4 tehdyiss\u00e4 blogiteksteiss\u00e4, kuten teimme <a href=\"https:\/\/sotahuuto.fi\/en\/blogiteksti-hiidenkirnu\/\">Hiidenkirnun kanssa<\/a>.<\/span><\/p>\n<p>\u00a0<\/p>\n<p><span style=\"font-weight: 400;\">Lajiimme liittyv\u00e4 termist\u00f6 saattaa olla hankalaa, jos ei ole kosketusta skeneen. T\u00e4m\u00e4n takia olemme kasanneet <a href=\"https:\/\/sotahuuto.fi\/en\/sotahuudon-abc\/\">Sotahuudon ABC:n<\/a>, jonka kautta kuka vain voi syvent\u00e4\u00e4 k\u00e4sityst\u00e4 lajin termeist\u00e4. Sotahuudon ABC:hen voit my\u00f6s itse ehdottaa lis\u00e4\u00e4 termej\u00e4 ja osallistua pieneen arvontaan.<\/span> <span style=\"font-weight: 400;\">Palkinnoista ja kisailuista kiinnostuneille avasimme my\u00f6s <a href=\"https:\/\/sotahuuto.fi\/en\/etusivu-2\/miekkamatka-2023\/\">Miekkamatka 2023 -treenihaasteen<\/a>. Tulosta haastelomake ja l\u00e4hde el\u00e4m\u00e4si miekkamatkalle!<\/span><\/p>\n<p>\u00a0<\/p>\n<p><span style=\"font-weight: 400;\">Jotta tapahtuma tuntuisi helpommin l\u00e4hestytt\u00e4v\u00e4lt\u00e4 alaik\u00e4isille harrastajille tai lajista kiinnostuneille, lis\u00e4simme sivuille alaik\u00e4isille harrastajille ja heid\u00e4n huoltajilleen suunnattua tietoa <a href=\"https:\/\/sotahuuto.fi\/en\/alaikaisille-osallistujille-ja-huoltajille\/\">sis\u00e4lt\u00e4v\u00e4n sivun.<\/a> Tapahtuman ik\u00e4raja pysyy samana, eli viidess\u00e4toista vuodessa.\u00a0<\/span><\/p>\n<p>\u00a0<\/p>\n<p><span style=\"font-weight: 400;\">Yksi korkea kynnys Sotahuutoon osallistumiselle ja siit\u00e4 nauttimiselle on pitk\u00e4\u00e4n ollut se, ett\u00e4 informaatiota on tarjolla vain suomen kielell\u00e4. Sotahuuto.fi-sivustosta ollaan nyt tekem\u00e4ss\u00e4 englanninkielist\u00e4 k\u00e4\u00e4nn\u00f6st\u00e4. Keskeinen tapahtumainformaatio l\u00f6ytyy sivulta nyt my\u00f6s englanniksi!<\/span><\/p>\t\t\t\t\t\t\t\t<\/div>\n\t\t\t\t<\/div>\n\t\t\t\t\t<\/div>\n\t\t<\/div>\n\t\t\t\t\t<\/div>\n\t\t<\/section>\n\t\t\t\t<section class=\"elementor-section elementor-top-section elementor-element elementor-element-8b3c0db elementor-section-boxed elementor-section-height-default elementor-section-height-default\" data-id=\"8b3c0db\" data-element_type=\"section\">\n\t\t\t\t\t\t<div class=\"elementor-container elementor-column-gap-default\">\n\t\t\t\t\t<div class=\"elementor-column elementor-col-100 elementor-top-column elementor-element elementor-element-25004a2\" data-id=\"25004a2\" data-element_type=\"column\">\n\t\t\t<div class=\"elementor-widget-wrap elementor-element-populated\">\n\t\t\t\t\t\t<div class=\"elementor-element elementor-element-b3c0129 elementor-widget elementor-widget-image\" data-id=\"b3c0129\" data-element_type=\"widget\" data-widget_type=\"image.default\">\n\t\t\t\t<div class=\"elementor-widget-container\">\n\t\t\t\t\t\t\t\t\t\t\t\t\t\t\t<img decoding=\"async\" width=\"1024\" height=\"681\" src=\"https:\/\/sotahuuto.fi\/wp-content\/uploads\/2023\/02\/Suomen-ulkopuolelta-tuleville-osallistujille-2.jpg\" class=\"attachment-large size-large wp-image-1589\" alt=\"Taistelija on onnistunut ker\u00e4\u00e4m\u00e4\u00e4n syliins\u00e4 l\u00e4j\u00e4n lippuja\" srcset=\"https:\/\/sotahuuto.fi\/wp-content\/uploads\/2023\/02\/Suomen-ulkopuolelta-tuleville-osallistujille-2.jpg 1024w, https:\/\/sotahuuto.fi\/wp-content\/uploads\/2023\/02\/Suomen-ulkopuolelta-tuleville-osallistujille-2-300x200.jpg 300w, https:\/\/sotahuuto.fi\/wp-content\/uploads\/2023\/02\/Suomen-ulkopuolelta-tuleville-osallistujille-2-768x511.jpg 768w\" sizes=\"(max-width: 1024px) 100vw, 1024px\" \/>\t\t\t\t\t\t\t\t\t\t\t\t\t\t\t<\/div>\n\t\t\t\t<\/div>\n\t\t\t\t\t<\/div>\n\t\t<\/div>\n\t\t\t\t\t<\/div>\n\t\t<\/section>\n\t\t\t\t<section class=\"elementor-section elementor-top-section elementor-element elementor-element-6a9a497 elementor-section-boxed elementor-section-height-default elementor-section-height-default\" data-id=\"6a9a497\" data-element_type=\"section\">\n\t\t\t\t\t\t<div class=\"elementor-container elementor-column-gap-default\">\n\t\t\t\t\t<div class=\"elementor-column elementor-col-100 elementor-top-column elementor-element elementor-element-a4171a7\" data-id=\"a4171a7\" data-element_type=\"column\">\n\t\t\t<div class=\"elementor-widget-wrap elementor-element-populated\">\n\t\t\t\t\t\t<div class=\"elementor-element elementor-element-cacc85d elementor-widget elementor-widget-text-editor\" data-id=\"cacc85d\" data-element_type=\"widget\" data-widget_type=\"text-editor.default\">\n\t\t\t\t<div class=\"elementor-widget-container\">\n\t\t\t\t\t\t\t\t\t<p><em><span style=\"font-weight: 400;\">Photo: Jari Kuskelin<\/span><\/em><\/p><p>\u00a0<\/p><p><span style=\"font-weight: 400;\">Suomen ulkopuolelta tapahtumaan tulevia harrastajia varten lis\u00e4simme sivustolle oman <a href=\"https:\/\/sotahuuto.fi\/en\/suomen-ulkopuolelta-tuleville-osallistujille\/\">osion, joka sis\u00e4lt\u00e4\u00e4 k\u00e4yt\u00e4nn\u00f6n vinkkej\u00e4 tapahtumaan saapumiseen<\/a>. Matkustamisen helpottamiseksi tarjoamme kansainv\u00e4lisille osallistujille ilmaisen tapahtuman ja mahdollisuuden lainavarusteiden saamiseen. N\u00e4m\u00e4 edut koskevat my\u00f6s suomalaisia osallistujia, jotka matkustavat tapahtumaan ulkomailta.<\/span><\/p><p>\u00a0<\/p><p><span style=\"font-weight: 400;\">K\u00e4vimme muutama viikko sitten tapahtumapaikalla katsastamassa paikkoja ja sopimassa muutamista k\u00e4yt\u00e4nn\u00f6n asioista. Tuhti lumipeite koristaa viel\u00e4 Tuomiston tilan peltoja ja revontulet leiskuvat nytkin Keski-Suomen yll\u00e4. Kes\u00e4 ja Sotahuuto tulevat yll\u00e4tt\u00e4v\u00e4n pian! Kev\u00e4tpurojen solinaa kannattaakin odottaa joukkoja ker\u00e4ten, varusteita rakennellen ja juonia punoen! <\/span><\/p>\t\t\t\t\t\t\t\t<\/div>\n\t\t\t\t<\/div>\n\t\t\t\t\t<\/div>\n\t\t<\/div>\n\t\t\t\t\t<\/div>\n\t\t<\/section>\n\t\t\t\t<\/div>","protected":false},"excerpt":{"rendered":"<div class=\"entry-summary\">\nKuva: Jari Kuskelin \u00a0 Kuten edellisess\u00e4 tiedotteessa kerroimme, rekrytoinnista on jo jakosysteemin vuoksi huomattavaa hy\u00f6ty\u00e4 joukkueille. Haluamme tukea joukkueiden rekrytointity\u00f6t\u00e4&hellip;\n<\/div>\n<div class=\"link-more\"><a href=\"http:\/\/sotahuuto.fi\/en\/tiedote-kansa-heraa-aloittelijaystavallisyys-ja-kansainvalisyys\/\" class=\"more-link\">Continue reading<span class=\"screen-reader-text\"> &ldquo;Kansa her\u00e4\u00e4 &#8211; Aloittelijayst\u00e4v\u00e4llisyys ja kansainv\u00e4lisyys&rdquo;<\/span>&hellip;<\/a><\/div>","protected":false},"author":7,"featured_media":0,"comment_status":"closed","ping_status":"closed","sticky":false,"template":"","format":"standard","meta":{"_jetpack_memberships_contains_paid_content":false,"footnotes":""},"categories":[1],"tags":[],"yoast_head":"<!-- This site is optimized with the Yoast SEO plugin v24.5 - https:\/\/yoast.com\/wordpress\/plugins\/seo\/ -->\n<title>Kansa her\u00e4\u00e4 - Aloittelijayst\u00e4v\u00e4llisyys ja kansainv\u00e4lisyys - Sotahuuto<\/title>\n<meta name=\"description\" content=\"Kansa her\u00e4\u00e4 - Aloittelijayst\u00e4v\u00e4llisyys ja kansainv\u00e4lisyys - Sotahuuto\" \/>\n<meta name=\"robots\" content=\"noindex, follow\" \/>\n<meta property=\"og:locale\" content=\"en_GB\" \/>\n<meta property=\"og:type\" content=\"article\" \/>\n<meta property=\"og:title\" content=\"Kansa her\u00e4\u00e4 - Aloittelijayst\u00e4v\u00e4llisyys ja kansainv\u00e4lisyys - Sotahuuto\" \/>\n<meta property=\"og:description\" content=\"Kansa her\u00e4\u00e4 - Aloittelijayst\u00e4v\u00e4llisyys ja kansainv\u00e4lisyys - Sotahuuto\" \/>\n<meta property=\"og:url\" content=\"https:\/\/sotahuuto.fi\/en\/tiedote-kansa-heraa-aloittelijaystavallisyys-ja-kansainvalisyys\/\" \/>\n<meta property=\"og:site_name\" content=\"Sotahuuto\" \/>\n<meta property=\"article:publisher\" content=\"https:\/\/www.facebook.com\/profile.php?id=100054630571001\" \/>\n<meta property=\"article:published_time\" content=\"2023-02-27T20:24:38+00:00\" \/>\n<meta property=\"article:modified_time\" content=\"2024-01-06T10:54:24+00:00\" \/>\n<meta property=\"og:image\" content=\"https:\/\/sotahuuto.fi\/wp-content\/uploads\/2023\/02\/Kansa-heraa-1.jpg\" \/>\n<meta name=\"author\" content=\"Eetu Kinnunen\" \/>\n<meta name=\"twitter:card\" content=\"summary_large_image\" \/>\n<meta name=\"twitter:label1\" content=\"Written by\" \/>\n\t<meta name=\"twitter:data1\" content=\"Eetu Kinnunen\" \/>\n\t<meta name=\"twitter:label2\" content=\"Estimated reading time\" \/>\n\t<meta name=\"twitter:data2\" content=\"3 minutes\" \/>\n<script type=\"application\/ld+json\" class=\"yoast-schema-graph\">{\"@context\":\"https:\/\/schema.org\",\"@graph\":[{\"@type\":\"Article\",\"@id\":\"https:\/\/sotahuuto.fi\/tiedote-kansa-heraa-aloittelijaystavallisyys-ja-kansainvalisyys\/#article\",\"isPartOf\":{\"@id\":\"https:\/\/sotahuuto.fi\/tiedote-kansa-heraa-aloittelijaystavallisyys-ja-kansainvalisyys\/\"},\"author\":{\"name\":\"Eetu Kinnunen\",\"@id\":\"https:\/\/sotahuuto.fi\/#\/schema\/person\/75a0bba017a77a8053597320a8d8cae1\"},\"headline\":\"Kansa her\u00e4\u00e4 &#8211; Aloittelijayst\u00e4v\u00e4llisyys ja kansainv\u00e4lisyys\",\"datePublished\":\"2023-02-27T20:24:38+00:00\",\"dateModified\":\"2024-01-06T10:54:24+00:00\",\"mainEntityOfPage\":{\"@id\":\"https:\/\/sotahuuto.fi\/tiedote-kansa-heraa-aloittelijaystavallisyys-ja-kansainvalisyys\/\"},\"wordCount\":562,\"publisher\":{\"@id\":\"https:\/\/sotahuuto.fi\/#organization\"},\"image\":{\"@id\":\"https:\/\/sotahuuto.fi\/tiedote-kansa-heraa-aloittelijaystavallisyys-ja-kansainvalisyys\/#primaryimage\"},\"thumbnailUrl\":\"https:\/\/sotahuuto.fi\/wp-content\/uploads\/2023\/02\/Kansa-heraa-1.jpg\",\"articleSection\":[\"Uncategorized\"],\"inLanguage\":\"en-GB\"},{\"@type\":\"WebPage\",\"@id\":\"https:\/\/sotahuuto.fi\/tiedote-kansa-heraa-aloittelijaystavallisyys-ja-kansainvalisyys\/\",\"url\":\"https:\/\/sotahuuto.fi\/tiedote-kansa-heraa-aloittelijaystavallisyys-ja-kansainvalisyys\/\",\"name\":\"Kansa her\u00e4\u00e4 - Aloittelijayst\u00e4v\u00e4llisyys ja kansainv\u00e4lisyys - Sotahuuto\",\"isPartOf\":{\"@id\":\"https:\/\/sotahuuto.fi\/#website\"},\"primaryImageOfPage\":{\"@id\":\"https:\/\/sotahuuto.fi\/tiedote-kansa-heraa-aloittelijaystavallisyys-ja-kansainvalisyys\/#primaryimage\"},\"image\":{\"@id\":\"https:\/\/sotahuuto.fi\/tiedote-kansa-heraa-aloittelijaystavallisyys-ja-kansainvalisyys\/#primaryimage\"},\"thumbnailUrl\":\"https:\/\/sotahuuto.fi\/wp-content\/uploads\/2023\/02\/Kansa-heraa-1.jpg\",\"datePublished\":\"2023-02-27T20:24:38+00:00\",\"dateModified\":\"2024-01-06T10:54:24+00:00\",\"description\":\"Kansa her\u00e4\u00e4 - Aloittelijayst\u00e4v\u00e4llisyys ja kansainv\u00e4lisyys - Sotahuuto\",\"breadcrumb\":{\"@id\":\"https:\/\/sotahuuto.fi\/tiedote-kansa-heraa-aloittelijaystavallisyys-ja-kansainvalisyys\/#breadcrumb\"},\"inLanguage\":\"en-GB\",\"potentialAction\":[{\"@type\":\"ReadAction\",\"target\":[\"https:\/\/sotahuuto.fi\/tiedote-kansa-heraa-aloittelijaystavallisyys-ja-kansainvalisyys\/\"]}]},{\"@type\":\"ImageObject\",\"inLanguage\":\"en-GB\",\"@id\":\"https:\/\/sotahuuto.fi\/tiedote-kansa-heraa-aloittelijaystavallisyys-ja-kansainvalisyys\/#primaryimage\",\"url\":\"https:\/\/sotahuuto.fi\/wp-content\/uploads\/2023\/02\/Kansa-heraa-1.jpg\",\"contentUrl\":\"https:\/\/sotahuuto.fi\/wp-content\/uploads\/2023\/02\/Kansa-heraa-1.jpg\"},{\"@type\":\"BreadcrumbList\",\"@id\":\"https:\/\/sotahuuto.fi\/tiedote-kansa-heraa-aloittelijaystavallisyys-ja-kansainvalisyys\/#breadcrumb\",\"itemListElement\":[{\"@type\":\"ListItem\",\"position\":1,\"name\":\"Home\",\"item\":\"https:\/\/sotahuuto.fi\/\"},{\"@type\":\"ListItem\",\"position\":2,\"name\":\"Kansa her\u00e4\u00e4 &#8211; Aloittelijayst\u00e4v\u00e4llisyys ja kansainv\u00e4lisyys\"}]},{\"@type\":\"WebSite\",\"@id\":\"https:\/\/sotahuuto.fi\/#website\",\"url\":\"https:\/\/sotahuuto.fi\/\",\"name\":\"Sotahuuto\",\"description\":\"10.-12.07.2026 | Rekolan tila, Orivesi\",\"publisher\":{\"@id\":\"https:\/\/sotahuuto.fi\/#organization\"},\"alternateName\":\"SoHu\",\"potentialAction\":[{\"@type\":\"SearchAction\",\"target\":{\"@type\":\"EntryPoint\",\"urlTemplate\":\"https:\/\/sotahuuto.fi\/?s={search_term_string}\"},\"query-input\":{\"@type\":\"PropertyValueSpecification\",\"valueRequired\":true,\"valueName\":\"search_term_string\"}}],\"inLanguage\":\"en-GB\"},{\"@type\":\"Organization\",\"@id\":\"https:\/\/sotahuuto.fi\/#organization\",\"name\":\"Sotahuuto\",\"alternateName\":\"SoHu\",\"url\":\"https:\/\/sotahuuto.fi\/\",\"logo\":{\"@type\":\"ImageObject\",\"inLanguage\":\"en-GB\",\"@id\":\"https:\/\/sotahuuto.fi\/#\/schema\/logo\/image\/\",\"url\":\"https:\/\/sotahuuto.fi\/wp-content\/uploads\/2022\/03\/cropped-cropped2-sotahuuto.jpg\",\"contentUrl\":\"https:\/\/sotahuuto.fi\/wp-content\/uploads\/2022\/03\/cropped-cropped2-sotahuuto.jpg\",\"width\":512,\"height\":512,\"caption\":\"Sotahuuto\"},\"image\":{\"@id\":\"https:\/\/sotahuuto.fi\/#\/schema\/logo\/image\/\"},\"sameAs\":[\"https:\/\/www.facebook.com\/profile.php?id=100054630571001\",\"https:\/\/www.youtube.com\/@sotahuutoboffaustapahtuma4558\"]},{\"@type\":\"Person\",\"@id\":\"https:\/\/sotahuuto.fi\/#\/schema\/person\/75a0bba017a77a8053597320a8d8cae1\",\"name\":\"Eetu Kinnunen\",\"image\":{\"@type\":\"ImageObject\",\"inLanguage\":\"en-GB\",\"@id\":\"https:\/\/sotahuuto.fi\/#\/schema\/person\/image\/\",\"url\":\"http:\/\/0.gravatar.com\/avatar\/fab3f3363ae2c31feb8d0cb4d7555c87?s=96&d=mm&r=g\",\"contentUrl\":\"http:\/\/0.gravatar.com\/avatar\/fab3f3363ae2c31feb8d0cb4d7555c87?s=96&d=mm&r=g\",\"caption\":\"Eetu Kinnunen\"},\"url\":\"http:\/\/sotahuuto.fi\/en\/author\/eetu\/\"}]}<\/script>\n<!-- \/ Yoast SEO plugin. -->","yoast_head_json":{"title":"Kansa her\u00e4\u00e4 - Aloittelijayst\u00e4v\u00e4llisyys ja kansainv\u00e4lisyys - Sotahuuto","description":"Kansa her\u00e4\u00e4 - Aloittelijayst\u00e4v\u00e4llisyys ja kansainv\u00e4lisyys - Sotahuuto","robots":{"index":"noindex","follow":"follow"},"og_locale":"en_GB","og_type":"article","og_title":"Kansa her\u00e4\u00e4 - Aloittelijayst\u00e4v\u00e4llisyys ja kansainv\u00e4lisyys - Sotahuuto","og_description":"Kansa her\u00e4\u00e4 - Aloittelijayst\u00e4v\u00e4llisyys ja kansainv\u00e4lisyys - Sotahuuto","og_url":"https:\/\/sotahuuto.fi\/en\/tiedote-kansa-heraa-aloittelijaystavallisyys-ja-kansainvalisyys\/","og_site_name":"Sotahuuto","article_publisher":"https:\/\/www.facebook.com\/profile.php?id=100054630571001","article_published_time":"2023-02-27T20:24:38+00:00","article_modified_time":"2024-01-06T10:54:24+00:00","og_image":[{"url":"https:\/\/sotahuuto.fi\/wp-content\/uploads\/2023\/02\/Kansa-heraa-1.jpg","type":"","width":"","height":""}],"author":"Eetu Kinnunen","twitter_card":"summary_large_image","twitter_misc":{"Written by":"Eetu Kinnunen","Estimated reading time":"3 minutes"},"schema":{"@context":"https:\/\/schema.org","@graph":[{"@type":"Article","@id":"https:\/\/sotahuuto.fi\/tiedote-kansa-heraa-aloittelijaystavallisyys-ja-kansainvalisyys\/#article","isPartOf":{"@id":"https:\/\/sotahuuto.fi\/tiedote-kansa-heraa-aloittelijaystavallisyys-ja-kansainvalisyys\/"},"author":{"name":"Eetu Kinnunen","@id":"https:\/\/sotahuuto.fi\/#\/schema\/person\/75a0bba017a77a8053597320a8d8cae1"},"headline":"Kansa her\u00e4\u00e4 &#8211; Aloittelijayst\u00e4v\u00e4llisyys ja kansainv\u00e4lisyys","datePublished":"2023-02-27T20:24:38+00:00","dateModified":"2024-01-06T10:54:24+00:00","mainEntityOfPage":{"@id":"https:\/\/sotahuuto.fi\/tiedote-kansa-heraa-aloittelijaystavallisyys-ja-kansainvalisyys\/"},"wordCount":562,"publisher":{"@id":"https:\/\/sotahuuto.fi\/#organization"},"image":{"@id":"https:\/\/sotahuuto.fi\/tiedote-kansa-heraa-aloittelijaystavallisyys-ja-kansainvalisyys\/#primaryimage"},"thumbnailUrl":"https:\/\/sotahuuto.fi\/wp-content\/uploads\/2023\/02\/Kansa-heraa-1.jpg","articleSection":["Uncategorized"],"inLanguage":"en-GB"},{"@type":"WebPage","@id":"https:\/\/sotahuuto.fi\/tiedote-kansa-heraa-aloittelijaystavallisyys-ja-kansainvalisyys\/","url":"https:\/\/sotahuuto.fi\/tiedote-kansa-heraa-aloittelijaystavallisyys-ja-kansainvalisyys\/","name":"Kansa her\u00e4\u00e4 - Aloittelijayst\u00e4v\u00e4llisyys ja kansainv\u00e4lisyys - Sotahuuto","isPartOf":{"@id":"https:\/\/sotahuuto.fi\/#website"},"primaryImageOfPage":{"@id":"https:\/\/sotahuuto.fi\/tiedote-kansa-heraa-aloittelijaystavallisyys-ja-kansainvalisyys\/#primaryimage"},"image":{"@id":"https:\/\/sotahuuto.fi\/tiedote-kansa-heraa-aloittelijaystavallisyys-ja-kansainvalisyys\/#primaryimage"},"thumbnailUrl":"https:\/\/sotahuuto.fi\/wp-content\/uploads\/2023\/02\/Kansa-heraa-1.jpg","datePublished":"2023-02-27T20:24:38+00:00","dateModified":"2024-01-06T10:54:24+00:00","description":"Kansa her\u00e4\u00e4 - Aloittelijayst\u00e4v\u00e4llisyys ja kansainv\u00e4lisyys - Sotahuuto","breadcrumb":{"@id":"https:\/\/sotahuuto.fi\/tiedote-kansa-heraa-aloittelijaystavallisyys-ja-kansainvalisyys\/#breadcrumb"},"inLanguage":"en-GB","potentialAction":[{"@type":"ReadAction","target":["https:\/\/sotahuuto.fi\/tiedote-kansa-heraa-aloittelijaystavallisyys-ja-kansainvalisyys\/"]}]},{"@type":"ImageObject","inLanguage":"en-GB","@id":"https:\/\/sotahuuto.fi\/tiedote-kansa-heraa-aloittelijaystavallisyys-ja-kansainvalisyys\/#primaryimage","url":"https:\/\/sotahuuto.fi\/wp-content\/uploads\/2023\/02\/Kansa-heraa-1.jpg","contentUrl":"https:\/\/sotahuuto.fi\/wp-content\/uploads\/2023\/02\/Kansa-heraa-1.jpg"},{"@type":"BreadcrumbList","@id":"https:\/\/sotahuuto.fi\/tiedote-kansa-heraa-aloittelijaystavallisyys-ja-kansainvalisyys\/#breadcrumb","itemListElement":[{"@type":"ListItem","position":1,"name":"Home","item":"https:\/\/sotahuuto.fi\/"},{"@type":"ListItem","position":2,"name":"Kansa her\u00e4\u00e4 &#8211; Aloittelijayst\u00e4v\u00e4llisyys ja kansainv\u00e4lisyys"}]},{"@type":"WebSite","@id":"https:\/\/sotahuuto.fi\/#website","url":"https:\/\/sotahuuto.fi\/","name":"Sotahuuto, \"War cry\",","description":"10.-12.07.2026 | Rekolan tila, Orivesi","publisher":{"@id":"https:\/\/sotahuuto.fi\/#organization"},"alternateName":"SoHu","potentialAction":[{"@type":"SearchAction","target":{"@type":"EntryPoint","urlTemplate":"https:\/\/sotahuuto.fi\/?s={search_term_string}"},"query-input":{"@type":"PropertyValueSpecification","valueRequired":true,"valueName":"search_term_string"}}],"inLanguage":"en-GB"},{"@type":"Organization","@id":"https:\/\/sotahuuto.fi\/#organization","name":"Sotahuuto, \"War cry\",","alternateName":"SoHu","url":"https:\/\/sotahuuto.fi\/","logo":{"@type":"ImageObject","inLanguage":"en-GB","@id":"https:\/\/sotahuuto.fi\/#\/schema\/logo\/image\/","url":"https:\/\/sotahuuto.fi\/wp-content\/uploads\/2022\/03\/cropped-cropped2-sotahuuto.jpg","contentUrl":"https:\/\/sotahuuto.fi\/wp-content\/uploads\/2022\/03\/cropped-cropped2-sotahuuto.jpg","width":512,"height":512,"caption":"Sotahuuto"},"image":{"@id":"https:\/\/sotahuuto.fi\/#\/schema\/logo\/image\/"},"sameAs":["https:\/\/www.facebook.com\/profile.php?id=100054630571001","https:\/\/www.youtube.com\/@sotahuutoboffaustapahtuma4558"]},{"@type":"Person","@id":"https:\/\/sotahuuto.fi\/#\/schema\/person\/75a0bba017a77a8053597320a8d8cae1","name":"Eetu Kinnunen","image":{"@type":"ImageObject","inLanguage":"en-GB","@id":"https:\/\/sotahuuto.fi\/#\/schema\/person\/image\/","url":"http:\/\/0.gravatar.com\/avatar\/fab3f3363ae2c31feb8d0cb4d7555c87?s=96&d=mm&r=g","contentUrl":"http:\/\/0.gravatar.com\/avatar\/fab3f3363ae2c31feb8d0cb4d7555c87?s=96&d=mm&r=g","caption":"Eetu Kinnunen"},"url":"http:\/\/sotahuuto.fi\/en\/author\/eetu\/"}]}},"jetpack_sharing_enabled":true,"jetpack_featured_media_url":"","_links":{"self":[{"href":"http:\/\/sotahuuto.fi\/en\/wp-json\/wp\/v2\/posts\/1844"}],"collection":[{"href":"http:\/\/sotahuuto.fi\/en\/wp-json\/wp\/v2\/posts"}],"about":[{"href":"http:\/\/sotahuuto.fi\/en\/wp-json\/wp\/v2\/types\/post"}],"author":[{"embeddable":true,"href":"http:\/\/sotahuuto.fi\/en\/wp-json\/wp\/v2\/users\/7"}],"replies":[{"embeddable":true,"href":"http:\/\/sotahuuto.fi\/en\/wp-json\/wp\/v2\/comments?post=1844"}],"version-history":[{"count":12,"href":"http:\/\/sotahuuto.fi\/en\/wp-json\/wp\/v2\/posts\/1844\/revisions"}],"predecessor-version":[{"id":2355,"href":"http:\/\/sotahuuto.fi\/en\/wp-json\/wp\/v2\/posts\/1844\/revisions\/2355"}],"wp:attachment":[{"href":"http:\/\/sotahuuto.fi\/en\/wp-json\/wp\/v2\/media?parent=1844"}],"wp:term":[{"taxonomy":"category","embeddable":true,"href":"http:\/\/sotahuuto.fi\/en\/wp-json\/wp\/v2\/categories?post=1844"},{"taxonomy":"post_tag","embeddable":true,"href":"http:\/\/sotahuuto.fi\/en\/wp-json\/wp\/v2\/tags?post=1844"}],"curies":[{"name":"wp","href":"https:\/\/api.w.org\/{rel}","templated":true}]}}